{"id":4516,"date":"2023-02-13T08:11:32","date_gmt":"2023-02-13T08:11:32","guid":{"rendered":"http:\/\/www.eduqaterapias.es\/?p=4516"},"modified":"2023-02-13T08:53:54","modified_gmt":"2023-02-13T08:53:54","slug":"escuela-de-padres-ayuda-a-tu-hijo-a-dormir-mejor-2","status":"publish","type":"post","link":"https:\/\/www.eduqaterapias.es\/en\/escuela-de-padres-ayuda-a-tu-hijo-a-dormir-mejor-2\/","title":{"rendered":"Escuela de Padres: Ayuda a tu hijo a dormir mejor"},"content":{"rendered":"<p>El sue\u00f1o es una necesidad biol\u00f3gica b\u00e1sica que permite al organismo restablecer funciones f\u00edsicas y psicol\u00f3gicas: tener una buena higiene de sue\u00f1o es esencial para cualquier persona.<\/p>\n<p>Todos somos conscientes que un ni\u00f1o necesita dormir mucho, y que sus necesidades de descanso evolucionan a medida que crece. <strong>\u00bfPero cu\u00e1nto tiempo es suficiente? \u00bfDe qu\u00e9 modo se deber\u00eda repartir el sue\u00f1o en las 24h del d\u00eda? \u00bfHasta qu\u00e9 punto puede afectar el sue\u00f1o al desarrollo de un ni\u00f1o? \u00a0<\/strong><\/p>\n<p>En nuestro espacio para padres vamos a dar \u00a0respuesta a estas cuestiones y a tomar conciencia de la relevancia de que los ni\u00f1os y padres obtengan un sue\u00f1o de calidad. Compartiremos informaci\u00f3n apropiada, \u00fatil y pr\u00e1ctica que podr\u00e9is aplicar en casa.<\/p>\n<p>Os esperamos:<\/p>\n<ul>\n<li>Cu\u00e1ndo: J<strong>ueves 16 de febrero las 17:30<\/strong><\/li>\n<li>D\u00f3nde: Aula Magna de<a href=\"https:\/\/www.google.com\/maps\/place\/eduqa+La+Moraleja.+Guarder%C3%ADa+Nursery+Schools+Madrid\/@40.528391,-3.644217,15z\/data=!4m7!3m6!1s0x0:0xee39d52b2e78f393!8m2!3d40.528391!4d-3.644217!9m1!1b1\"> eduqa La Moraleja<\/a><\/li>\n<li>Ponente: Mar\u00eda Leyva<\/li>\n<li>Gratuita<\/li>\n<li>Ludoteca para vuestros hijos, bajo previo aviso.<\/li>\n<\/ul>","protected":false},"excerpt":{"rendered":"<p>El sue\u00f1o es una necesidad biol\u00f3gica b\u00e1sica que permite al organismo restablecer funciones f\u00edsicas y psicol\u00f3gicas: tener una buena higiene de sue\u00f1o es esencial para cualquier persona. Todos somos conscientes que un ni\u00f1o necesita dormir mucho, y que sus necesidades de descanso evolucionan a medida que crece. \u00bfPero cu\u00e1nto tiempo es suficiente? \u00bfDe qu\u00e9 modo [&hellip;]<\/p>\n","protected":false},"author":2,"featured_media":3344,"comment_status":"closed","ping_status":"closed","sticky":false,"template":"","format":"standard","meta":{"_et_pb_use_builder":"","_et_pb_old_content":"","_et_gb_content_width":"","_monsterinsights_skip_tracking":false,"_monsterinsights_sitenote_active":false,"_monsterinsights_sitenote_note":"","_monsterinsights_sitenote_category":0,"footnotes":""},"categories":[42],"tags":[153,3,17,152,157,156,10,155,154],"class_list":["post-4516","post","type-post","status-publish","format-standard","has-post-thumbnail","hentry","category-escuela-de-padres-infantil","tag-childcare","tag-educacion-infantil","tag-eduqa","tag-escuela-de-padres","tag-escuela-infantil","tag-guarderia","tag-ninos","tag-nursery-school","tag-sueno-infantil"],"_links":{"self":[{"href":"https:\/\/www.eduqaterapias.es\/en\/wp-json\/wp\/v2\/posts\/4516","targetHints":{"allow":["GET"]}}],"collection":[{"href":"https:\/\/www.eduqaterapias.es\/en\/wp-json\/wp\/v2\/posts"}],"about":[{"href":"https:\/\/www.eduqaterapias.es\/en\/wp-json\/wp\/v2\/types\/post"}],"author":[{"embeddable":true,"href":"https:\/\/www.eduqaterapias.es\/en\/wp-json\/wp\/v2\/users\/2"}],"replies":[{"embeddable":true,"href":"https:\/\/www.eduqaterapias.es\/en\/wp-json\/wp\/v2\/comments?post=4516"}],"version-history":[{"count":2,"href":"https:\/\/www.eduqaterapias.es\/en\/wp-json\/wp\/v2\/posts\/4516\/revisions"}],"predecessor-version":[{"id":4519,"href":"https:\/\/www.eduqaterapias.es\/en\/wp-json\/wp\/v2\/posts\/4516\/revisions\/4519"}],"wp:featuredmedia":[{"embeddable":true,"href":"https:\/\/www.eduqaterapias.es\/en\/wp-json\/wp\/v2\/media\/3344"}],"wp:attachment":[{"href":"https:\/\/www.eduqaterapias.es\/en\/wp-json\/wp\/v2\/media?parent=4516"}],"wp:term":[{"taxonomy":"category","embeddable":true,"href":"https:\/\/www.eduqaterapias.es\/en\/wp-json\/wp\/v2\/categories?post=4516"},{"taxonomy":"post_tag","embeddable":true,"href":"https:\/\/www.eduqaterapias.es\/en\/wp-json\/wp\/v2\/tags?post=4516"}],"curies":[{"name":"wp","href":"https:\/\/api.w.org\/{rel}","templated":true}]}}