{"id":3329,"date":"2022-02-10T18:10:02","date_gmt":"2022-02-10T18:10:02","guid":{"rendered":"http:\/\/www.eduqaterapias.es\/?p=3329"},"modified":"2022-02-10T18:10:02","modified_gmt":"2022-02-10T18:10:02","slug":"escuela-de-padres-llega-un-hermano-llegan-los-celos","status":"publish","type":"post","link":"https:\/\/www.eduqaterapias.es\/en\/escuela-de-padres-llega-un-hermano-llegan-los-celos\/","title":{"rendered":"Escuela de Padres: Llega un hermano, llegan los CELOS."},"content":{"rendered":"<p>Parece que los celos son una cuesti\u00f3n \u00a0a tratar cuando se tiene m\u00e1s de un hijo. Sin embargo todos los seres humanos en mayor o menor grado nos hemos visto experimentando esta emoci\u00f3n \u00abtan inc\u00f3moda\u00bb en diferentes escenarios de nuestra vida. \u00bfA qu\u00e9 responden los celos?, \u00bfC\u00f3mo nacen?, \u00bfC\u00f3mo se manifiestan entre los m\u00e1s peque\u00f1os?. \u00bfDebemos intervenir?, y si es as\u00ed, \u00bfDe qu\u00e9 forma y de qu\u00e9 modo?. \u00bfLos celos se castigan, se ignoran o hay que procurar evitarlos tratando de ser siempre ecu\u00e1nimes y justos?<\/p>\n<p>En nuestro espacio para padres \u00a0vamos a dar respuesta a estas cuestiones y a tomar conciencia de como los celos, con sus mil y una caras, han de ser acogidos y escuchados como parte de la esencia misma de los seres humanos. \u201cTodos, sin excepci\u00f3n, necesitamos para crecer sentirnos amados, pero lo que la vida nos ense\u00f1a es que este amor siempre ha de ser compartido. Aprender esto no es f\u00e1cil, pero es necesario para seguir creciendo\u00bb.<\/p>\n<p>Os esperamos:<\/p>\n<ul>\n<li><strong>Cu\u00e1ndo: Jueves 17 de febrero a las 17:30<\/strong><\/li>\n<li><strong>D\u00f3nde: Aula Magna de eduqa La Moraleja<\/strong><\/li>\n<li><strong>Ponente: Loreto Cid<\/strong><\/li>\n<li><strong>Ludoteca para vuestros hijos, bajo previo aviso.<\/strong><\/li>\n<\/ul>","protected":false},"excerpt":{"rendered":"<p>Parece que los celos son una cuesti\u00f3n \u00a0a tratar cuando se tiene m\u00e1s de un hijo. Sin embargo todos los seres humanos en mayor o menor grado nos hemos visto experimentando esta emoci\u00f3n \u00abtan inc\u00f3moda\u00bb en diferentes escenarios de nuestra vida. \u00bfA qu\u00e9 responden los celos?, \u00bfC\u00f3mo nacen?, \u00bfC\u00f3mo se manifiestan entre los m\u00e1s peque\u00f1os?. [&hellip;]<\/p>\n","protected":false},"author":2,"featured_media":3330,"comment_status":"closed","ping_status":"closed","sticky":false,"template":"","format":"standard","meta":{"_et_pb_use_builder":"","_et_pb_old_content":"","_et_gb_content_width":"","_monsterinsights_skip_tracking":false,"_monsterinsights_sitenote_active":false,"_monsterinsights_sitenote_note":"","_monsterinsights_sitenote_category":0,"footnotes":""},"categories":[1],"tags":[],"class_list":["post-3329","post","type-post","status-publish","format-standard","has-post-thumbnail","hentry","category-eduqa"],"_links":{"self":[{"href":"https:\/\/www.eduqaterapias.es\/en\/wp-json\/wp\/v2\/posts\/3329","targetHints":{"allow":["GET"]}}],"collection":[{"href":"https:\/\/www.eduqaterapias.es\/en\/wp-json\/wp\/v2\/posts"}],"about":[{"href":"https:\/\/www.eduqaterapias.es\/en\/wp-json\/wp\/v2\/types\/post"}],"author":[{"embeddable":true,"href":"https:\/\/www.eduqaterapias.es\/en\/wp-json\/wp\/v2\/users\/2"}],"replies":[{"embeddable":true,"href":"https:\/\/www.eduqaterapias.es\/en\/wp-json\/wp\/v2\/comments?post=3329"}],"version-history":[{"count":1,"href":"https:\/\/www.eduqaterapias.es\/en\/wp-json\/wp\/v2\/posts\/3329\/revisions"}],"predecessor-version":[{"id":3332,"href":"https:\/\/www.eduqaterapias.es\/en\/wp-json\/wp\/v2\/posts\/3329\/revisions\/3332"}],"wp:featuredmedia":[{"embeddable":true,"href":"https:\/\/www.eduqaterapias.es\/en\/wp-json\/wp\/v2\/media\/3330"}],"wp:attachment":[{"href":"https:\/\/www.eduqaterapias.es\/en\/wp-json\/wp\/v2\/media?parent=3329"}],"wp:term":[{"taxonomy":"category","embeddable":true,"href":"https:\/\/www.eduqaterapias.es\/en\/wp-json\/wp\/v2\/categories?post=3329"},{"taxonomy":"post_tag","embeddable":true,"href":"https:\/\/www.eduqaterapias.es\/en\/wp-json\/wp\/v2\/tags?post=3329"}],"curies":[{"name":"wp","href":"https:\/\/api.w.org\/{rel}","templated":true}]}}