{"id":3063,"date":"2020-02-17T11:07:07","date_gmt":"2020-02-17T11:07:07","guid":{"rendered":"http:\/\/www.eduqaterapias.es\/?p=3063"},"modified":"2021-04-23T10:58:08","modified_gmt":"2021-04-23T10:58:08","slug":"autoestima","status":"publish","type":"post","link":"https:\/\/www.eduqaterapias.es\/en\/autoestima\/","title":{"rendered":"\u201cCRECER EN CONFIANZA Y SEGURIDAD. Convertirnos en modelo y fuente de  autoestima positiva para nuestros hijos\u201d."},"content":{"rendered":"<p>En este espacio vamos a hablar de Autoestima. Sabemos que tener una buena autoestima es importante, nos lo han dicho en los colegios, en los medios de comunicaci\u00f3n, en la familia, en los grupos de padres. Todos sabemos que importa, \u00bfPero sabemos de qu\u00e9 estamos hablando cuando nombramos esta palabra?. \u00bfNos hemos parado a pensar qu\u00e9 es en realidad?. \u00bfC\u00f3mo se forma, de qu\u00e9 se compone y qu\u00e9 papel jugamos nosotros los padres en la construcci\u00f3n de la autoestima de nuestros hijos?.<\/p>\n<p>En este espacio vamos a adentrarnos en los entresijos que conforman nuestra autoestima, la nuestra y la de nuestros hijos. Hablaremos de conocimiento personal, de expectativas, de aceptaci\u00f3n, de rechazo, de etiquetas, de logros, de respeto. Revisaremos nuestra manera de relacionarnos y buscaremos el mejor camino para que nuestros hijos crezcan en confianza y seguridad. Hablaremos de exigencias y deseos y pondremos sobre la mesa el conflicto que subyace en muchas ocasiones con nuestros hijos cuando nuestro deseo de que sean felices a veces se resiente como consecuencia de las exigencias que en nuestro d\u00eda a d\u00eda se nos imponen: Estudiar, ser competente, tener \u00e9xito\u2026<\/p>\n<p>Nos adentramos en una edad donde ser feliz ya no parece ser lo mismo que nos plante\u00e1bamos cuando nuestros ni\u00f1os eran peque\u00f1os, ahora ser feliz tambi\u00e9n compite con estudiar, obedecer, ser competente, disciplinado\u2026 Pensaremos en nosotros como modelo de autoestima. \u00bfSomos un modelo para nuestros hijos?. \u00bfPueden mirarse en nosotros como espejo de personas con una autoestima positiva, seguros y capaces?.<\/p>\n<p>Os invitamos a este espacio que tendr\u00e1 lugar:<\/p>\n<ul>\n<li><strong>Mi\u00e9rcoles 19 de Febrero de 17:30 a 19:00 horas.<\/strong><\/li>\n<li><strong>Aula Magna de eduqa La Moraleja.<\/strong><\/li>\n<li><strong>Entrada gratuita y servicio de ludoteca (previo aviso).<\/strong><\/li>\n<\/ul>","protected":false},"excerpt":{"rendered":"<p>En este espacio vamos a hablar de Autoestima. Sabemos que tener una buena autoestima es importante, nos lo han dicho en los colegios, en los medios de comunicaci\u00f3n, en la familia, en los grupos de padres. Todos sabemos que importa, \u00bfPero sabemos de qu\u00e9 estamos hablando cuando nombramos esta palabra?. \u00bfNos hemos parado a pensar [&hellip;]<\/p>\n","protected":false},"author":17,"featured_media":2849,"comment_status":"closed","ping_status":"closed","sticky":false,"template":"","format":"standard","meta":{"_et_pb_use_builder":"","_et_pb_old_content":"","_et_gb_content_width":"","_monsterinsights_skip_tracking":false,"_monsterinsights_sitenote_active":false,"_monsterinsights_sitenote_note":"","_monsterinsights_sitenote_category":0,"footnotes":""},"categories":[1,42,40],"tags":[],"class_list":["post-3063","post","type-post","status-publish","format-standard","has-post-thumbnail","hentry","category-eduqa","category-escuela-de-padres-infantil","category-escuelas-de-padres-primaria"],"_links":{"self":[{"href":"https:\/\/www.eduqaterapias.es\/en\/wp-json\/wp\/v2\/posts\/3063","targetHints":{"allow":["GET"]}}],"collection":[{"href":"https:\/\/www.eduqaterapias.es\/en\/wp-json\/wp\/v2\/posts"}],"about":[{"href":"https:\/\/www.eduqaterapias.es\/en\/wp-json\/wp\/v2\/types\/post"}],"author":[{"embeddable":true,"href":"https:\/\/www.eduqaterapias.es\/en\/wp-json\/wp\/v2\/users\/17"}],"replies":[{"embeddable":true,"href":"https:\/\/www.eduqaterapias.es\/en\/wp-json\/wp\/v2\/comments?post=3063"}],"version-history":[{"count":4,"href":"https:\/\/www.eduqaterapias.es\/en\/wp-json\/wp\/v2\/posts\/3063\/revisions"}],"predecessor-version":[{"id":3067,"href":"https:\/\/www.eduqaterapias.es\/en\/wp-json\/wp\/v2\/posts\/3063\/revisions\/3067"}],"wp:featuredmedia":[{"embeddable":true,"href":"https:\/\/www.eduqaterapias.es\/en\/wp-json\/wp\/v2\/media\/2849"}],"wp:attachment":[{"href":"https:\/\/www.eduqaterapias.es\/en\/wp-json\/wp\/v2\/media?parent=3063"}],"wp:term":[{"taxonomy":"category","embeddable":true,"href":"https:\/\/www.eduqaterapias.es\/en\/wp-json\/wp\/v2\/categories?post=3063"},{"taxonomy":"post_tag","embeddable":true,"href":"https:\/\/www.eduqaterapias.es\/en\/wp-json\/wp\/v2\/tags?post=3063"}],"curies":[{"name":"wp","href":"https:\/\/api.w.org\/{rel}","templated":true}]}}