{"id":2903,"date":"2019-04-08T12:57:05","date_gmt":"2019-04-08T12:57:05","guid":{"rendered":"http:\/\/www.eduqaterapias.es\/?p=2903"},"modified":"2019-09-17T09:32:46","modified_gmt":"2019-09-17T09:32:46","slug":"los-amigos","status":"publish","type":"post","link":"https:\/\/www.eduqaterapias.es\/en\/los-amigos\/","title":{"rendered":"LOS AMIGOS: C\u00d3MO AYUDAR A NUESTROS HIJOS A DESARROLLAR HERRAMIENTAS PARA MANEJARSE EN GRUPO"},"content":{"rendered":"<p><i>Los iguales dan forma a un importante contexto social en el que se aprenden muchas habilidades y procesos que son esenciales para la adaptaci\u00f3n y ajustes de las personas.\u00a0Es aproximadamente en la primaria cuando el grupo de pares va cobrando m\u00e1s importancia, siendo en la adolescencia clave para su desarrollo. <\/i><\/p>\n<p><i>Veremos a nuestros hijos cada vez m\u00e1s interesados por seguir al grupo y sentirse aceptado.Esta necesidad de aceptaci\u00f3n del menor es una de las caracter\u00edsticas de la etapa que atraviesa y con la que hay que lidiar. Realmente la salida del universo de los padres no es f\u00e1cil, adem\u00e1s no es en realidad una salida a su autonom\u00eda total, como ser individual con su propio pensamiento o criterio, en realidad\u00a0 lo que sucede es que el ni\u00f1o transfiere esta dependencia de los padres al grupo. El grupo se convierte entonces en el paso transitorio de la dependencia de los padres a la individuaci\u00f3n adulta y madura. Esta transici\u00f3n no es lineal, est\u00e1 llena de altibajos que, como padres, muchas veces nos preocupan y angustian.\u00a0Es en este momento cuando m\u00e1s debemos de acompa\u00f1ar a nuestros hijos.\u00a0<\/i><i>Convertirnos en agentes de ayuda para que puedan ir desarrollando habilidades y herramientas necesarias que les sostengan y que les ayuden a sentirse parte del grupo de manera saludable.\u00a0\u00a0<\/i><\/p>\n<p><i>En este espacio hablaremos de importantes habilidades sociales para la adaptaci\u00f3n y pertenencia al grupo. Hoy sabemos a trav\u00e9s de innumerables investigaciones cient\u00edficas como el hecho de que un chico\/chica se sienta valorado y aceptado en el grupo depende de su propia asertividad y empat\u00eda. Daremos entonces espacio para conocer estas habilidades necesarias para manejarse con los iguales.\u00a0Las relaciones con los otros favorecen o dificultan nuestro desarrollo personal. Busquemos las mejores maneras de acompa\u00f1ar a nuestros hijos en este viaje hacia su crecimiento.\u00a0<\/i><\/p>\n<ul>\n<li><strong>D\u00eda y hora: Mi\u00e9rcoles 10 de abril de 2019 a las 17:30\u00a0<\/strong><\/li>\n<li><strong>Lugar: eduqa Nursery School La Moraleja (C\/Cal\u00e9ndula, 95 -Miniparc II- Soto de la Moraleja. Alcobendas)<\/strong><\/li>\n<li><strong>Ponente: Loreto Cid<\/strong><\/li>\n<li><strong>Entrada gratuita y servicio de ludoteca (previo aviso)<\/strong><\/li>\n<\/ul>","protected":false},"excerpt":{"rendered":"<p>Los iguales dan forma a un importante contexto social en el que se aprenden muchas habilidades y procesos que son esenciales para la adaptaci\u00f3n y ajustes de las personas.\u00a0Es aproximadamente en la primaria cuando el grupo de pares va cobrando m\u00e1s importancia, siendo en la adolescencia clave para su desarrollo. Veremos a nuestros hijos cada [&hellip;]<\/p>\n","protected":false},"author":17,"featured_media":2901,"comment_status":"open","ping_status":"open","sticky":false,"template":"","format":"standard","meta":{"_et_pb_use_builder":"","_et_pb_old_content":"","_et_gb_content_width":"","_monsterinsights_skip_tracking":false,"_monsterinsights_sitenote_active":false,"_monsterinsights_sitenote_note":"","_monsterinsights_sitenote_category":0,"footnotes":""},"categories":[1,42,40],"tags":[],"class_list":["post-2903","post","type-post","status-publish","format-standard","has-post-thumbnail","hentry","category-eduqa","category-escuela-de-padres-infantil","category-escuelas-de-padres-primaria"],"_links":{"self":[{"href":"https:\/\/www.eduqaterapias.es\/en\/wp-json\/wp\/v2\/posts\/2903","targetHints":{"allow":["GET"]}}],"collection":[{"href":"https:\/\/www.eduqaterapias.es\/en\/wp-json\/wp\/v2\/posts"}],"about":[{"href":"https:\/\/www.eduqaterapias.es\/en\/wp-json\/wp\/v2\/types\/post"}],"author":[{"embeddable":true,"href":"https:\/\/www.eduqaterapias.es\/en\/wp-json\/wp\/v2\/users\/17"}],"replies":[{"embeddable":true,"href":"https:\/\/www.eduqaterapias.es\/en\/wp-json\/wp\/v2\/comments?post=2903"}],"version-history":[{"count":2,"href":"https:\/\/www.eduqaterapias.es\/en\/wp-json\/wp\/v2\/posts\/2903\/revisions"}],"predecessor-version":[{"id":2931,"href":"https:\/\/www.eduqaterapias.es\/en\/wp-json\/wp\/v2\/posts\/2903\/revisions\/2931"}],"wp:featuredmedia":[{"embeddable":true,"href":"https:\/\/www.eduqaterapias.es\/en\/wp-json\/wp\/v2\/media\/2901"}],"wp:attachment":[{"href":"https:\/\/www.eduqaterapias.es\/en\/wp-json\/wp\/v2\/media?parent=2903"}],"wp:term":[{"taxonomy":"category","embeddable":true,"href":"https:\/\/www.eduqaterapias.es\/en\/wp-json\/wp\/v2\/categories?post=2903"},{"taxonomy":"post_tag","embeddable":true,"href":"https:\/\/www.eduqaterapias.es\/en\/wp-json\/wp\/v2\/tags?post=2903"}],"curies":[{"name":"wp","href":"https:\/\/api.w.org\/{rel}","templated":true}]}}