{"id":1611,"date":"2017-07-17T12:14:12","date_gmt":"2017-07-17T12:14:12","guid":{"rendered":"http:\/\/www.eduqaterapias.es\/?p=1611"},"modified":"2021-04-23T11:03:02","modified_gmt":"2021-04-23T11:03:02","slug":"petitfrancais","status":"publish","type":"post","link":"https:\/\/www.eduqaterapias.es\/en\/petitfrancais\/","title":{"rendered":"PETIT FRAN\u00c7AIS"},"content":{"rendered":"<p>El objetivo de la clase de Petit Fran\u00e7ais es la asimilaci\u00f3n fon\u00e9tica y l\u00e9xica del idioma franc\u00e9s, a trav\u00e9s de actividades l\u00fadicas, juego, manualidades, teatro, etc.<\/p>\n<p>\u2022 Ni\u00f1os entre 3 y 8 a\u00f1os de edad.<br \/>\n\u2022 M\u00e1ximo de 9 a 12 ni\u00f1os por grupo, dependiendo de la edad.<br \/>\n\u2022 La actividad consta de una sesi\u00f3n a la semana de 50 minutos, por grupos de edad.<br \/>\n\u2022 Nuestros profesores son nativos y tienen formaci\u00f3n y experiencia en educaci\u00f3n a ni\u00f1os<\/p>\n<p>Para m\u00e1s informaci\u00f3n pincha:\u00a0<a href=\"http:\/\/www.eduqaterapias.es\/wp-content\/uploads\/2017\/09\/Ficha-de-Petit-Franc\u0327ais-2018-19.pdf\">Ficha de Petit Franc\u0327ais 2018-19<\/a><\/p>","protected":false},"excerpt":{"rendered":"<p>El objetivo de la clase de Petit Fran\u00e7ais es la asimilaci\u00f3n fon\u00e9tica y l\u00e9xica del idioma franc\u00e9s, a trav\u00e9s de actividades l\u00fadicas, juego, manualidades, teatro, etc. \u2022 Ni\u00f1os entre 3 y 8 a\u00f1os de edad. \u2022 M\u00e1ximo de 9 a 12 ni\u00f1os por grupo, dependiendo de la edad. \u2022 La actividad consta de una sesi\u00f3n [&hellip;]<\/p>\n","protected":false},"author":17,"featured_media":2060,"comment_status":"closed","ping_status":"closed","sticky":false,"template":"","format":"standard","meta":{"_et_pb_use_builder":"","_et_pb_old_content":"","_et_gb_content_width":"","_monsterinsights_skip_tracking":false,"_monsterinsights_sitenote_active":false,"_monsterinsights_sitenote_note":"","_monsterinsights_sitenote_category":0,"footnotes":""},"categories":[8],"tags":[],"class_list":["post-1611","post","type-post","status-publish","format-standard","has-post-thumbnail","hentry","category-actividades-extraescolares"],"_links":{"self":[{"href":"https:\/\/www.eduqaterapias.es\/en\/wp-json\/wp\/v2\/posts\/1611","targetHints":{"allow":["GET"]}}],"collection":[{"href":"https:\/\/www.eduqaterapias.es\/en\/wp-json\/wp\/v2\/posts"}],"about":[{"href":"https:\/\/www.eduqaterapias.es\/en\/wp-json\/wp\/v2\/types\/post"}],"author":[{"embeddable":true,"href":"https:\/\/www.eduqaterapias.es\/en\/wp-json\/wp\/v2\/users\/17"}],"replies":[{"embeddable":true,"href":"https:\/\/www.eduqaterapias.es\/en\/wp-json\/wp\/v2\/comments?post=1611"}],"version-history":[{"count":3,"href":"https:\/\/www.eduqaterapias.es\/en\/wp-json\/wp\/v2\/posts\/1611\/revisions"}],"predecessor-version":[{"id":2756,"href":"https:\/\/www.eduqaterapias.es\/en\/wp-json\/wp\/v2\/posts\/1611\/revisions\/2756"}],"wp:featuredmedia":[{"embeddable":true,"href":"https:\/\/www.eduqaterapias.es\/en\/wp-json\/wp\/v2\/media\/2060"}],"wp:attachment":[{"href":"https:\/\/www.eduqaterapias.es\/en\/wp-json\/wp\/v2\/media?parent=1611"}],"wp:term":[{"taxonomy":"category","embeddable":true,"href":"https:\/\/www.eduqaterapias.es\/en\/wp-json\/wp\/v2\/categories?post=1611"},{"taxonomy":"post_tag","embeddable":true,"href":"https:\/\/www.eduqaterapias.es\/en\/wp-json\/wp\/v2\/tags?post=1611"}],"curies":[{"name":"wp","href":"https:\/\/api.w.org\/{rel}","templated":true}]}}